{"id":752,"date":"2026-02-12T20:12:19","date_gmt":"2026-02-12T20:12:19","guid":{"rendered":"https:\/\/elaullador.conanp.gob.mx\/?p=752"},"modified":"2026-02-12T22:40:39","modified_gmt":"2026-02-12T22:40:39","slug":"dia-mundial-de-los-humedales","status":"publish","type":"post","link":"https:\/\/elaullador.conanp.gob.mx\/index.php\/2026\/02\/12\/dia-mundial-de-los-humedales\/","title":{"rendered":"D\u00eda Mundial de los Humedales"},"content":{"rendered":"<div class=\"wp-block-image\">\n<figure class=\"aligncenter size-full\"><img loading=\"lazy\" decoding=\"async\" width=\"1500\" height=\"500\" src=\"https:\/\/elaullador.conanp.gob.mx\/wp-content\/uploads\/2026\/02\/WWD26_Media_banner_SP.jpg\" alt=\"\" class=\"wp-image-753\"\/><\/figure><\/div>\n\n\n<div style=\"height:30px\" aria-hidden=\"true\" class=\"wp-block-spacer\"><\/div>\n\n\n\n<p>El 2 de febrero de 1971, se adopt\u00f3 la Convenci\u00f3n sobre los Humedales, en la ciudad iran\u00ed de Ramsar, a orillas del mar Caspio. Este a\u00f1o 2026 est\u00e1 dedicado a conmemorar \u201cLos humedales y los conocimientos tradicionales: celebrar el patrimonio cultural\u201d<a href=\"#_ftn1\" id=\"_ftnref1\">[1]<\/a>.<\/p>\n\n\n\n<p>La defensa jur\u00eddica de los humedales nace a nivel internacional con esta Convenci\u00f3n que, aunque en su momento era una pol\u00edtica p\u00fablica m\u00e1s que una norma, hizo que se llamara la atenci\u00f3n sobre la importancia de estas zonas para asegurar el equilibrio ecol\u00f3gico, entre las funciones de los humedales se encuentran:<\/p>\n\n\n\n<ul class=\"wp-block-list\">\n<li>Son grandes absorbentes de bi\u00f3xido de carbono.<\/li>\n\n\n\n<li>Hay anidaci\u00f3n de aves migratorias, crust\u00e1ceos y peces; se alimentan y reproducen.<\/li>\n\n\n\n<li>Detienen la fuerza de los vientos y el agua del mar, aminorando desastres naturales, y tambi\u00e9n previenen la erosi\u00f3n e inundaciones.<\/li>\n\n\n\n<li>Protegen la zona costera.<\/li>\n\n\n\n<li>Conjuntan una gran biodiversidad, m\u00e1s all\u00e1 de flora y fauna, tambi\u00e9n microbiota y otros elementos biol\u00f3gicos necesarios para el equilibrio ecol\u00f3gico.<\/li>\n\n\n\n<li>Son fuente de actividades productivas y de turismo.<\/li>\n<\/ul>\n\n\n\n<div style=\"height:30px\" aria-hidden=\"true\" class=\"wp-block-spacer\"><\/div>\n\n\n\n<p class=\"has-medium-font-size\"><strong>Instrumentos jur\u00eddicos<\/strong><\/p>\n\n\n\n<p>Al revisar la protecci\u00f3n de los humedales, y debido a que estos pueden ser interiores o continentales de agua dulce o salobres, costeros y marinos, el r\u00e9gimen jur\u00eddico corresponde a varias instituciones, as\u00ed como las leyes que lo tutelan. La SEMARNAT, a trav\u00e9s de la CONAGUA, IMTA, PROFEPA, CONANP, est\u00e1 encargada de vigilar el aprovechamiento, estudio, protecci\u00f3n, defensa y conservaci\u00f3n de los humedales a fin de garantizar el derecho a un medio ambiente sano,<a href=\"#_ftn2\" id=\"_ftnref2\">[2]<\/a> conforme a la Constituci\u00f3n.<\/p>\n\n\n\n<p>Corresponde a la secretaria de Marina, el Ejercito Nacional y recientemente la Guardia Nacional, la protecci\u00f3n y resguardo de humedales en el caso de asuntos de seguridad nacional.<\/p>\n\n\n\n<p>Por lo que hace al r\u00e9gimen jur\u00eddico de los humedales, igualmente debemos pensar que, m\u00e1s all\u00e1 de la defensa contra enemigos de la Naci\u00f3n, los humedales son en realidad un asunto de seguridad nacional, no solo militar, tambi\u00e9n ambiental, patrimonial, de protecci\u00f3n civil, de los recursos minerales y naturales.\u00a0\u00a0\u00a0\u00a0\u00a0\u00a0\u00a0<\/p>\n\n\n\n<p>Todo esto plasmado en la Ley General del Equilibrio Ecol\u00f3gico y la Protecci\u00f3n al Ambiente, Convenio de Biodiversidad, Convenci\u00f3n sobre Humedales, Ley de Aguas Nacionales, Ley General de Desarrollo Forestal Sustentable, y Ley General de Cambio Clim\u00e1tico.<\/p>\n\n\n\n<div style=\"height:30px\" aria-hidden=\"true\" class=\"wp-block-spacer\"><\/div>\n\n\n<div class=\"wp-block-image\">\n<figure class=\"aligncenter size-full\"><img loading=\"lazy\" decoding=\"async\" width=\"1080\" height=\"1080\" src=\"https:\/\/elaullador.conanp.gob.mx\/wp-content\/uploads\/2026\/02\/WWD_2026_socialmedia_static_SP.jpg\" alt=\"\" class=\"wp-image-755\"\/><\/figure><\/div>\n\n\n<div style=\"height:30px\" aria-hidden=\"true\" class=\"wp-block-spacer\"><\/div>\n\n\n\n<p>Adem\u00e1s, los humedales son parte la cultura, alrededor de ellos (pastos marinos, bosques de algas, arrecifes de coral, estuarios, marismas saladas, manglares, bajos de marea, lagos, r\u00edos y arroyos, marismas y pantanos interiores y turberas) se celebran d\u00edas especiales, festivales, ferias, turismo y sobre todo marcan distintivos de los pueblos ind\u00edgenas y afromexicanos, as\u00ed como comunidades agrarias que de ellos se benefician \u201cbiocultura\u201d, por eso es importante que este a\u00f1o en el d\u00eda de los humedales se celebra conjuntamente el Patrimonio Cultural.<\/p>\n\n\n\n<p>Desde hace 50 a\u00f1os, los humedales, han sufrido el deterioro ecol\u00f3gico continuo en el mundo. Con el tiempo, la degradaci\u00f3n ha variado, dependiendo de la regi\u00f3n o el pa\u00eds, donde factores como el desarrollo urbano y los cambios de uso del suelo han permitido el desmonte o la proximidad de actividades peligrosas. Los humedales sufren porque no s\u00f3lo absorben carbono, tambi\u00e9n lo hacen con la contaminaci\u00f3n que los rodea, tales como metales pesados, plaguicidas y fertilizantes qu\u00edmicos, etc.; situaci\u00f3n que da\u00f1a a la biodiversidad en ellos.<\/p>\n\n\n\n<p>Por ello, la comunidad internacional se ha reunido para buscar soluciones que protejan el medio ambiente en general y espec\u00edficamente los h\u00e1bitats fr\u00e1giles de los pa\u00edses parte y que a su vez son fundamentales o estrat\u00e9gicos \u201c<em>para conservar al menos el 30 % de las tierras, las aguas y los mares (meta 3)<\/em>\u201d. En este caso se busca que la restauraci\u00f3n y conservaci\u00f3n de los humedales puedan contribuir a las 23 metas de la Convenci\u00f3n de Biodiversidad y los objetivos de \u201c<em>la Convenci\u00f3n Marco de las Naciones Unidas sobre el Cambio Clim\u00e1tico (CMNUCC) de reducir y estabilizar las emisiones de gases de efecto invernadero, y para cumplir muchos Objetivos de Desarrollo Sostenible (ODS)<\/em>\u201d, incluido el Objetivo 6.6 de proteger y restaurar los ecosistemas relacionados con el agua. Estos objetivos tambi\u00e9n contribuyen al Desaf\u00edo del Agua Dulce y a sus metas de restauraci\u00f3n de humedales y protecci\u00f3n de ecosistemas de agua dulce.<a href=\"#_ftn3\" id=\"_ftnref3\">[3]<\/a><\/p>\n\n\n\n<p>Su defensa involucra a las autoridades de los tres \u00f3rdenes de gobierno, a las poblaciones que viven de ellas, y a las organizaciones internacionales que tienen como objetivo detener los da\u00f1os al medio ambiente y el cambio clim\u00e1tico que afecta a todas las naciones que los poseen.<\/p>\n\n\n\n<p>Asuntos como los que hemos visto en las \u00c1reas Naturales Protegidas de M\u00e9xico, como las Marismas de Nayarit, la Laguna de T\u00e9rminos, los Desarrollos tur\u00edsticos cercanos a Reservas Protegidas en Tulum, y la contaminaci\u00f3n del Rio Sonora, son ejemplos vitales para la generaci\u00f3n de instrumentos de pol\u00edtica p\u00fablica de protecci\u00f3n, conservaci\u00f3n y restauraci\u00f3n de cuerpos de agua necesarios para el desarrollo econ\u00f3mico, social y sustentable de M\u00e9xico.<\/p>\n\n\n\n<p>Celebrar la protecci\u00f3n de los Humedales debe tambi\u00e9n implicar la formaci\u00f3n y educaci\u00f3n ambiental, la transmisi\u00f3n de la importancia biocultural y la trascendencia de ecosistemas tan fr\u00e1giles pero fundamentales en la riqueza de las naciones.<\/p>\n\n\n\n<div style=\"height:30px\" aria-hidden=\"true\" class=\"wp-block-spacer\"><\/div>\n\n\n\n<p class=\"has-medium-font-size\"><strong>Autor: Direcci\u00f3n de Asuntos Jur\u00eddicos<\/strong><\/p>\n\n\n\n<div style=\"height:30px\" aria-hidden=\"true\" class=\"wp-block-spacer\"><\/div>\n\n\n\n<hr class=\"wp-block-separator has-alpha-channel-opacity\"\/>\n\n\n\n<p class=\"has-small-font-size\"><a href=\"#_ftnref1\" id=\"_ftn1\">[1]<\/a> <a href=\"https:\/\/www.ramsar.org\/es\/nuestro-trabajo\/actividades\/dia-mundial-de-los-humedales#:~:text=El%202%20de%20febrero%20de,a%20orillas%20del%20mar%20Caspio.\">D\u00eda Mundial de los Humedales | The Convention on Wetlands<\/a><\/p>\n\n\n\n<p class=\"has-small-font-size\"><a href=\"#_ftnref2\" id=\"_ftn2\">[2]<\/a> Art\u00edculo 4\u00b0 Constituci\u00f3n Pol\u00edtica de los Estados Unidos Mexicanos.<\/p>\n\n\n\n<p class=\"has-small-font-size\"><a href=\"#_ftnref3\" id=\"_ftn3\">[3]<\/a> Reporte del Marco Mundial de Biodiversidad de Kunming-Montreal&nbsp;establece una visi\u00f3n transformadora para guiar y apoyar a los pa\u00edses en materia de biodiversidad mediante 4 objetivos y 23 metas.<\/p>\n","protected":false},"excerpt":{"rendered":"<p>El 2 de febrero de 1971, se adopt\u00f3 la Convenci\u00f3n sobre los Humedales, en la ciudad iran\u00ed de Ramsar, a orillas del mar Caspio. Este a\u00f1o 2026 est\u00e1 dedicado a conmemorar \u201cLos humedales y los conocimientos tradicionales: celebrar el patrimonio cultural\u201d[1]. La defensa jur\u00eddica de los humedales nace a nivel internacional con esta Convenci\u00f3n que, [&hellip;]<\/p>\n","protected":false},"author":1,"featured_media":42,"comment_status":"open","ping_status":"open","sticky":false,"template":"","format":"standard","meta":{"footnotes":""},"categories":[6],"tags":[22,16],"class_list":["post-752","post","type-post","status-publish","format-standard","has-post-thumbnail","hentry","category-defensores-ambientales","tag-dia-mundial-de-los-humedales","tag-direccion-de-asuntos-juridicos"],"_links":{"self":[{"href":"https:\/\/elaullador.conanp.gob.mx\/index.php\/wp-json\/wp\/v2\/posts\/752","targetHints":{"allow":["GET"]}}],"collection":[{"href":"https:\/\/elaullador.conanp.gob.mx\/index.php\/wp-json\/wp\/v2\/posts"}],"about":[{"href":"https:\/\/elaullador.conanp.gob.mx\/index.php\/wp-json\/wp\/v2\/types\/post"}],"author":[{"embeddable":true,"href":"https:\/\/elaullador.conanp.gob.mx\/index.php\/wp-json\/wp\/v2\/users\/1"}],"replies":[{"embeddable":true,"href":"https:\/\/elaullador.conanp.gob.mx\/index.php\/wp-json\/wp\/v2\/comments?post=752"}],"version-history":[{"count":1,"href":"https:\/\/elaullador.conanp.gob.mx\/index.php\/wp-json\/wp\/v2\/posts\/752\/revisions"}],"predecessor-version":[{"id":756,"href":"https:\/\/elaullador.conanp.gob.mx\/index.php\/wp-json\/wp\/v2\/posts\/752\/revisions\/756"}],"wp:featuredmedia":[{"embeddable":true,"href":"https:\/\/elaullador.conanp.gob.mx\/index.php\/wp-json\/wp\/v2\/media\/42"}],"wp:attachment":[{"href":"https:\/\/elaullador.conanp.gob.mx\/index.php\/wp-json\/wp\/v2\/media?parent=752"}],"wp:term":[{"taxonomy":"category","embeddable":true,"href":"https:\/\/elaullador.conanp.gob.mx\/index.php\/wp-json\/wp\/v2\/categories?post=752"},{"taxonomy":"post_tag","embeddable":true,"href":"https:\/\/elaullador.conanp.gob.mx\/index.php\/wp-json\/wp\/v2\/tags?post=752"}],"curies":[{"name":"wp","href":"https:\/\/api.w.org\/{rel}","templated":true}]}}