{"id":463,"date":"2025-07-14T22:35:12","date_gmt":"2025-07-14T22:35:12","guid":{"rendered":"https:\/\/elaullador.conanp.gob.mx\/?p=463"},"modified":"2025-08-11T23:59:44","modified_gmt":"2025-08-11T23:59:44","slug":"del-recuerdo-al-retorno-una-historia-del-compromiso-de-huatulco-con-el-ecosistema-marino","status":"publish","type":"post","link":"https:\/\/elaullador.conanp.gob.mx\/index.php\/2025\/07\/14\/del-recuerdo-al-retorno-una-historia-del-compromiso-de-huatulco-con-el-ecosistema-marino\/","title":{"rendered":"Del recuerdo al retorno: una historia del compromiso de Huatulco con el ecosistema marino"},"content":{"rendered":"<div class=\"wp-block-image\">\n<figure class=\"aligncenter size-full\"><img loading=\"lazy\" decoding=\"async\" width=\"600\" height=\"450\" src=\"https:\/\/elaullador.conanp.gob.mx\/wp-content\/uploads\/2025\/07\/Foto-1.-Foto-de-portada.-Creditos_Archivo-CONANP.jpg\" alt=\"\" class=\"wp-image-464\"\/><figcaption class=\"wp-element-caption\">Cr\u00e9ditos: Archivo CONANP<\/figcaption><\/figure><\/div>\n\n\n<div style=\"height:30px\" aria-hidden=\"true\" class=\"wp-block-spacer\"><\/div>\n\n\n\n<p>En las c\u00e1lidas costas de Santa Mar\u00eda Huatulco, Oaxaca una historia de colaboraci\u00f3n y conciencia se ha venido desarrollando desde 2019 gracias al trabajo conjunto entre Conanp-Parque Nacional Huatulco (PNH), el Aeropuerto Internacional de Huatulco (ASUR) y la Procuradur\u00eda Federal de Protecci\u00f3n al Ambiente (PROFEPA) de Oaxaca, en la cual, los protagonistas de esta historia son los subproductos marinos: peque\u00f1os fragmentos de arrecife de coral, conchas, caracoles, entre otros organismos, que, cumplen funciones esenciales para el ecosistema marino.<\/p>\n\n\n\n<div style=\"height:30px\" aria-hidden=\"true\" class=\"wp-block-spacer\"><\/div>\n\n\n\n<p class=\"has-medium-font-size\"><strong><em>Peque\u00f1as piezas, grandes funciones<\/em><\/strong><\/p>\n\n\n\n<p>La campa\u00f1a \u201cLleva a Huatulco en el coraz\u00f3n, no en la maleta\u201d, busca generar una cultura de conservaci\u00f3n a trav\u00e9s de acciones de difusi\u00f3n, as\u00ed como la recuperaci\u00f3n de materiales marinos que han sido extra\u00eddos por los turistas de diferentes playas y bah\u00edas de Huatulco, todo esto con el objetivo de reintegrarlos al mar para que contin\u00faen cumpliendo con su ciclo biol\u00f3gico en la formaci\u00f3n de estructuras calc\u00e1reas de otros organismos marinos, transformando un &#8220;souvenir&#8221;, en una nueva oportunidad para restaurar el equilibrio ecol\u00f3gico.<\/p>\n\n\n\n<p>Otro rol clave de estos subproductos en el ecosistema marino, es que proveen de refugio y anclaje a organismos como esponjas, algas y peces juveniles; ayudan a estabilizar los sedimentos y aportan carbonato de calcio, esencial para la salud del arrecife (Guti\u00e9rrez et al., 2011). Adem\u00e1s, reducen la erosi\u00f3n y sirven de h\u00e1bitat para especies econ\u00f3micamente valiosas.<\/p>\n\n\n\n<div style=\"height:30px\" aria-hidden=\"true\" class=\"wp-block-spacer\"><\/div>\n\n\n\n<div class=\"wp-block-columns is-layout-flex wp-container-core-columns-is-layout-1 wp-block-columns-is-layout-flex\">\n<div class=\"wp-block-column is-layout-flow wp-block-column-is-layout-flow\"><div class=\"wp-block-image\">\n<figure class=\"aligncenter size-full\"><img loading=\"lazy\" decoding=\"async\" width=\"467\" height=\"350\" src=\"https:\/\/elaullador.conanp.gob.mx\/wp-content\/uploads\/2025\/07\/Foto-2.-Creditos_Sonia-Jarquin-Ortiz-1.png\" alt=\"\" class=\"wp-image-466\"\/><figcaption class=\"wp-element-caption\">Cr\u00e9ditos: Sonia Jarqu\u00edn Ort\u00edz<\/figcaption><\/figure><\/div><\/div>\n\n\n\n<div class=\"wp-block-column is-layout-flow wp-block-column-is-layout-flow\"><div class=\"wp-block-image\">\n<figure class=\"aligncenter size-full\"><img loading=\"lazy\" decoding=\"async\" width=\"427\" height=\"618\" src=\"https:\/\/elaullador.conanp.gob.mx\/wp-content\/uploads\/2025\/07\/Foto-3.-Creditos_Selene-Elizabeth-Espinosa-Mendez.jpg\" alt=\"\" class=\"wp-image-467\"\/><figcaption class=\"wp-element-caption\">Cr\u00e9ditos: Selene Elizabeth Espinosa M\u00e9ndez<\/figcaption><\/figure><\/div><\/div>\n<\/div>\n\n\n\n<div style=\"height:30px\" aria-hidden=\"true\" class=\"wp-block-spacer\"><\/div>\n\n\n\n<p class=\"has-medium-font-size\"><strong><em>Un esfuerzo que suma a\u00f1o con a\u00f1o<\/em><\/strong><\/p>\n\n\n\n<p>Desde el arranque de la campa\u00f1a en el 2019, el Parque Nacional Huatulco ha sido testigo de un esfuerzo constante por reintroducir al mar los subproductos marinos extra\u00eddos por el turismo de la regi\u00f3n. En este mismo a\u00f1o, m\u00e1s de 50 personas participaron en la primera reintroducci\u00f3n simb\u00f3lica de 50 kg de material calc\u00e1reo \u2014conchas, caracoles y corales\u2014 en playa Cacaluta, promoviendo su clasificaci\u00f3n y manejo adecuado. En el 2020 la pandemia limit\u00f3 las actividades p\u00fablicas, sin embargo, la labor de recuperaci\u00f3n y reintegraci\u00f3n no se detuvo, logrando devolver al mar 300 kg de material en ese a\u00f1o.<\/p>\n\n\n\n<p>El a\u00f1o 2021 marc\u00f3 un punto de inflexi\u00f3n, con dos liberaciones que sumaron un total de 721 kg. A partir de ese a\u00f1o, se comenzaron a incluir a otros sectores claves en el territorio en la reintegraci\u00f3n de subproductos al mar, entre ellos, medios de comunicaci\u00f3n, pescadores, prestadores de servicios tur\u00edsticos, hoteleros y estudiantes, con el objetivo de generar una cultura ambiental y ser portavoces de esta Campa\u00f1a. En el 2022 y 2023, se liberaron 469.4 kg y 726.1 kg, respectivamente.<\/p>\n\n\n\n<p>En el 2024, a trav\u00e9s de eventos de difusi\u00f3n y participaci\u00f3n social que promueve el ANP, como el FESTUR \u2014festival de turismo\u2014 se han convertido tambi\u00e9n en escenarios para actividades de liberaci\u00f3n de subproductos, difusi\u00f3n de la importancia de estos materiales en el ecosistema marino y fortalecimiento de capacidades en el marco legal que conlleva la sustracci\u00f3n de estos organismos. Durante este a\u00f1o se reintegraron 794.4 kg, gracias al trabajo conjunto institucional y de la comunidad. Finalmente, en el primer semestre de 2025, ya se han devuelto 377.96 kg de subproductos clasificados, con el compromiso del personal del PNH y ASUR, reafirmando el valor de devolver al mar lo que nunca debi\u00f3 salir de \u00e9l.<\/p>\n\n\n\n<div style=\"height:30px\" aria-hidden=\"true\" class=\"wp-block-spacer\"><\/div>\n\n\n\n<div class=\"wp-block-columns is-layout-flex wp-container-core-columns-is-layout-2 wp-block-columns-is-layout-flex\">\n<div class=\"wp-block-column is-layout-flow wp-block-column-is-layout-flow\"><div class=\"wp-block-image\">\n<figure class=\"aligncenter size-full\"><img loading=\"lazy\" decoding=\"async\" width=\"522\" height=\"294\" src=\"https:\/\/elaullador.conanp.gob.mx\/wp-content\/uploads\/2025\/07\/Foto-4.-Creditos_Archivo-CONANP.png\" alt=\"\" class=\"wp-image-468\"\/><figcaption class=\"wp-element-caption\">Cr\u00e9ditos: Archivo CONANP<\/figcaption><\/figure><\/div><\/div>\n\n\n\n<div class=\"wp-block-column is-layout-flow wp-block-column-is-layout-flow\"><div class=\"wp-block-image\">\n<figure class=\"aligncenter size-full\"><img loading=\"lazy\" decoding=\"async\" width=\"467\" height=\"296\" src=\"https:\/\/elaullador.conanp.gob.mx\/wp-content\/uploads\/2025\/07\/Foto-5.Creditos_Sonia-Jarquin-Ortiz.png\" alt=\"\" class=\"wp-image-469\"\/><figcaption class=\"wp-element-caption\">Cr\u00e9ditos: Sonia Jarqu\u00edn Ort\u00edz<\/figcaption><\/figure><\/div><\/div>\n<\/div>\n\n\n\n<div style=\"height:30px\" aria-hidden=\"true\" class=\"wp-block-spacer\"><\/div>\n\n\n\n<p>Huatulco continuar\u00e1 siendo un referente como destino tur\u00edstico y recibiendo a\u00f1o con a\u00f1o a miles de visitantes, por lo que, las actividades de recuperaci\u00f3n f\u00edsica de subproductos marinos en el Aeropuerto; as\u00ed como acciones educativas y de sensibilizaci\u00f3n desarrolladas por el ANP dirigidas a turistas, usuarios y comunidad en general son importantes para la conservaci\u00f3n del ecosistema marino. El mensaje es claro: <strong>\u00a1Ll\u00e9vate a Huatulco en el coraz\u00f3n y no en la maleta!<\/strong><\/p>\n\n\n\n<div style=\"height:30px\" aria-hidden=\"true\" class=\"wp-block-spacer\"><\/div>\n\n\n<div class=\"wp-block-image\">\n<figure class=\"aligncenter size-full\"><img loading=\"lazy\" decoding=\"async\" width=\"432\" height=\"768\" src=\"https:\/\/elaullador.conanp.gob.mx\/wp-content\/uploads\/2025\/07\/Foto-6.-Creditos_Erica-Michel-Bautista-Arbea.jpg\" alt=\"\" class=\"wp-image-470\"\/><figcaption class=\"wp-element-caption\">Cr\u00e9ditos: Erica Michel Bautista Arbea<\/figcaption><\/figure><\/div>\n\n\n<div style=\"height:30px\" aria-hidden=\"true\" class=\"wp-block-spacer\"><\/div>\n\n\n\n<p class=\"has-medium-font-size\"><strong>Autor: Parque Nacional Huatulco<\/strong><\/p>\n\n\n\n<div style=\"height:30px\" aria-hidden=\"true\" class=\"wp-block-spacer\"><\/div>\n\n\n\n<p class=\"has-small-font-size\"><strong>Fuentes:<\/strong><\/p>\n\n\n\n<ul class=\"wp-block-list\">\n<li class=\"has-small-font-size\">Gonz\u00e1lez, D. y Torruco, G. (2011). <em>La importancia de los arrecifes de coral en M\u00e9xico<\/em>. CONABIO.<\/li>\n\n\n\n<li class=\"has-small-font-size\">Informes internos del Parque Nacional Huatulco (2019\u20132025), CONANP.<\/li>\n<\/ul>\n","protected":false},"excerpt":{"rendered":"<p>En las c\u00e1lidas costas de Santa Mar\u00eda Huatulco, Oaxaca una historia de colaboraci\u00f3n y conciencia se ha venido desarrollando desde 2019 gracias al trabajo conjunto entre Conanp-Parque Nacional Huatulco (PNH), el Aeropuerto Internacional de Huatulco (ASUR) y la Procuradur\u00eda Federal de Protecci\u00f3n al Ambiente (PROFEPA) de Oaxaca, en la cual, los protagonistas de esta historia [&hellip;]<\/p>\n","protected":false},"author":1,"featured_media":36,"comment_status":"open","ping_status":"open","sticky":false,"template":"","format":"standard","meta":{"footnotes":""},"categories":[1],"tags":[82],"class_list":["post-463","post","type-post","status-publish","format-standard","has-post-thumbnail","hentry","category-historias-que-contar","tag-parque-nacional-huatulco"],"_links":{"self":[{"href":"https:\/\/elaullador.conanp.gob.mx\/index.php\/wp-json\/wp\/v2\/posts\/463","targetHints":{"allow":["GET"]}}],"collection":[{"href":"https:\/\/elaullador.conanp.gob.mx\/index.php\/wp-json\/wp\/v2\/posts"}],"about":[{"href":"https:\/\/elaullador.conanp.gob.mx\/index.php\/wp-json\/wp\/v2\/types\/post"}],"author":[{"embeddable":true,"href":"https:\/\/elaullador.conanp.gob.mx\/index.php\/wp-json\/wp\/v2\/users\/1"}],"replies":[{"embeddable":true,"href":"https:\/\/elaullador.conanp.gob.mx\/index.php\/wp-json\/wp\/v2\/comments?post=463"}],"version-history":[{"count":4,"href":"https:\/\/elaullador.conanp.gob.mx\/index.php\/wp-json\/wp\/v2\/posts\/463\/revisions"}],"predecessor-version":[{"id":565,"href":"https:\/\/elaullador.conanp.gob.mx\/index.php\/wp-json\/wp\/v2\/posts\/463\/revisions\/565"}],"wp:featuredmedia":[{"embeddable":true,"href":"https:\/\/elaullador.conanp.gob.mx\/index.php\/wp-json\/wp\/v2\/media\/36"}],"wp:attachment":[{"href":"https:\/\/elaullador.conanp.gob.mx\/index.php\/wp-json\/wp\/v2\/media?parent=463"}],"wp:term":[{"taxonomy":"category","embeddable":true,"href":"https:\/\/elaullador.conanp.gob.mx\/index.php\/wp-json\/wp\/v2\/categories?post=463"},{"taxonomy":"post_tag","embeddable":true,"href":"https:\/\/elaullador.conanp.gob.mx\/index.php\/wp-json\/wp\/v2\/tags?post=463"}],"curies":[{"name":"wp","href":"https:\/\/api.w.org\/{rel}","templated":true}]}}